[{"@context":"https:\/\/schema.org\/","@type":"Article","@id":"https:\/\/www.bittova.cz\/i-v-noci-se-to-da\/#Article","mainEntityOfPage":"https:\/\/www.bittova.cz\/i-v-noci-se-to-da\/","headline":"I v noci se to d\u00e1","name":"I v noci se to d\u00e1","description":"Pokud m\u00e1te doma \u010dty\u0159noh\u00e9ho mil\u00e1\u010dka, kter\u00fd pot\u0159ebuje vyven\u010dit, jen\u017ee vy se vrac\u00edte dom\u016f z pr\u00e1ce a\u017e pozd\u011b v noci, m\u00e1me pro v\u00e1s origin\u00e1ln\u00ed \u0159e\u0161en\u00ed, d\u00edky &hellip; <span class=\"read-more-link\"><a class=\"read-more\" href=\"https:\/\/www.bittova.cz\/i-v-noci-se-to-da\/\">\u010c\u00edst d\u00e1le &rsaquo;<\/a><\/span>","datePublished":"2025-02-23","dateModified":"2025-02-23","author":{"@type":"Person","@id":"https:\/\/www.bittova.cz\/author\/#Person","name":"bittova.cz\n","url":"https:\/\/www.bittova.cz\/author\/","identifier":1,"image":{"@type":"ImageObject","@id":"https:\/\/secure.gravatar.com\/avatar\/df9d3e7f7fe4622e291ec02ac46f5f76755ddc91019a65e783baee3892394402?s=96&d=mm&r=g","url":"https:\/\/secure.gravatar.com\/avatar\/df9d3e7f7fe4622e291ec02ac46f5f76755ddc91019a65e783baee3892394402?s=96&d=mm&r=g","height":96,"width":96}},"publisher":{"@type":"Organization","name":"bittova.cz","logo":{"@type":"ImageObject","@id":"\/logo.png","url":"\/logo.png","width":600,"height":60}},"url":"https:\/\/www.bittova.cz\/i-v-noci-se-to-da\/","wordCount":176,"articleBody":"Pokud m\u00e1te doma \u010dty\u0159noh\u00e9ho mil\u00e1\u010dka, kter\u00fd pot\u0159ebuje vyven\u010dit, jen\u017ee vy se vrac\u00edte dom\u016f z pr\u00e1ce a\u017e pozd\u011b v noci, m\u00e1me pro v\u00e1s origin\u00e1ln\u00ed \u0159e\u0161en\u00ed, d\u00edky kter\u00e9mu u\u017e no\u010dn\u00ed \u010das na ven\u010den\u00ed nebude probl\u00e9m. Po\u0159i\u010fte sv\u00e9mu kamar\u00e1dovi sv\u00edt\u00edc\u00ed obojek pro psy. D\u00edky tomu ho budete m\u00edt neust\u00e1le na o\u010d\u00edch a pod kontrolou. I kolemjdouc\u00ed a \u0159idi\u010di se mu d\u00edky viditelnosti vyhnou. Nezn\u00ed to jako super n\u00e1pad? Pro v\u0161echny Jeliko\u017e jsou na\u0161e sv\u00edt\u00edc\u00ed obojky pro psy k dost\u00e1n\u00ed v r\u016fzn\u00fdch barv\u00e1ch a velikostech, ur\u010dit\u011b vyberete ten prav\u00fd pro va\u0161eho haf\u00edka. M\u016f\u017eete zvolit modr\u00fd, zelen\u00fd, oran\u017eov\u00fd, \u017elut\u00fd nebo \u010derven\u00fd. Nap\u00e1jen\u00ed zaji\u0161\u0165uje vym\u011bniteln\u00e1 baterie a up\u00edn\u00e1n\u00ed je skrze praktickou p\u0159ezku. Uvid\u00edte, \u017ee bude vkusn\u00fdm dopl\u0148kem ka\u017ed\u00e9ho zv\u00ed\u0159ec\u00edho kr\u010dku, i t\u00e9 va\u0161\u00ed \u010divavy.                                                                                                                                                                                                                                                                                                                                                                                                "},{"@context":"https:\/\/schema.org\/","@type":"BreadcrumbList","itemListElement":[{"@type":"ListItem","position":1,"name":"I v noci se to d\u00e1","item":"https:\/\/www.bittova.cz\/i-v-noci-se-to-da\/#breadcrumbitem"}]}]