[{"@context":"https:\/\/schema.org\/","@type":"Article","@id":"https:\/\/www.bittova.cz\/krasny-darek-k-narozeninam\/#Article","mainEntityOfPage":"https:\/\/www.bittova.cz\/krasny-darek-k-narozeninam\/","headline":"Kr\u00e1sn\u00fd d\u00e1rek k narozenin\u00e1m","name":"Kr\u00e1sn\u00fd d\u00e1rek k narozenin\u00e1m","description":"Chcete sv\u00e9mu d\u00edt\u011bti darovat k\u00a0narozenin\u00e1m nov\u00e9 kolo. Tak moc si ho p\u0159\u00e1lo a nav\u00edc to, na kter\u00e9m jezd\u00ed dosud, u\u017e je nevyhovuj\u00edc\u00ed. Va\u0161e ratolest bude &hellip; <span class=\"read-more-link\"><a class=\"read-more\" href=\"https:\/\/www.bittova.cz\/krasny-darek-k-narozeninam\/\">\u010c\u00edst d\u00e1le &rsaquo;<\/a><\/span>","datePublished":"2025-03-03","dateModified":"2023-04-29","author":{"@type":"Person","@id":"https:\/\/www.bittova.cz\/author\/#Person","name":"bittova.cz\n","url":"https:\/\/www.bittova.cz\/author\/","identifier":1,"image":{"@type":"ImageObject","@id":"https:\/\/secure.gravatar.com\/avatar\/df9d3e7f7fe4622e291ec02ac46f5f76755ddc91019a65e783baee3892394402?s=96&d=mm&r=g","url":"https:\/\/secure.gravatar.com\/avatar\/df9d3e7f7fe4622e291ec02ac46f5f76755ddc91019a65e783baee3892394402?s=96&d=mm&r=g","height":96,"width":96}},"publisher":{"@type":"Organization","name":"bittova.cz","logo":{"@type":"ImageObject","@id":"\/logo.png","url":"\/logo.png","width":600,"height":60}},"image":{"@type":"ImageObject","@id":"https:\/\/www.bittova.cz\/wp-content\/uploads\/img_a295293_w2017_t1506774136.png","url":"https:\/\/www.bittova.cz\/wp-content\/uploads\/img_a295293_w2017_t1506774136.png","height":0,"width":0},"url":"https:\/\/www.bittova.cz\/krasny-darek-k-narozeninam\/","about":["V\u00fdrobky"],"wordCount":416,"articleBody":"Chcete sv\u00e9mu d\u00edt\u011bti darovat k\u00a0narozenin\u00e1m nov\u00e9 kolo. Tak moc si ho p\u0159\u00e1lo a nav\u00edc to, na kter\u00e9m jezd\u00ed dosud, u\u017e je nevyhovuj\u00edc\u00ed. Va\u0161e ratolest bude zcela jist\u011b nad\u0161en\u00e1. Aby nad\u0161en\u00ed vydr\u017eelo i po prvn\u00ed j\u00edzd\u011b, mus\u00edte kolo spr\u00e1vn\u011b vybrat. To m\u016f\u017ee b\u00fdt trochu slo\u017eit\u011bj\u0161\u00ed, jestli\u017ee kolo po\u0159izujete jako velk\u00e9 p\u0159ekvapen\u00ed, tedy bez p\u0159edchoz\u00edho zkou\u0161en\u00ed.\t\tVelikost kolaB\u011b\u017en\u011b se v\u00a0obchodech, a\u0165 u\u017e kamenn\u00fdch nebo internetov\u00fdch, setk\u00e1v\u00e1me s\u00a0velikostmi 12&#8243;,\u00a016&#8243;,\u00a020&#8243;,\u00a024&#8243;\u00a0a\u00a026&#8243;. Velikosti se samoz\u0159ejm\u011b odv\u00edj\u00ed od v\u00fd\u0161ky d\u00edt\u011bte. Nesna\u017ete se u\u0161et\u0159it t\u00edm, \u017ee po\u0159\u00edd\u00edte zbyte\u010dn\u011b velk\u00e9 kolo, kter\u00e9 d\u00edt\u011b vyu\u017eije, a\u017e trochu povyroste. \t\tTypy kolaPro nejmen\u0161\u00ed cyklisty existuj\u00ed na trhu odr\u00e1\u017eedla, tedy kola bez \u0161lapek. Je ur\u010deno pro d\u011bti od dvou let a m\u00e1 je nau\u010dit p\u0159edev\u0161\u00edm udr\u017eet rovnov\u00e1hu. Klasick\u00e1 kola se d\u00e1le d\u011bl\u00ed podle druhu ter\u00e9nu, do kter\u00e9ho jsou ur\u010deny. Rozli\u0161ujeme tedy nap\u0159\u00edklad kola silni\u010dn\u00ed, horsk\u00e1, celoodpru\u017een\u00e1, trekingov\u00e1 a dal\u0161\u00ed. \t\tHmotnost kolaHmotnost je jedn\u00edm z\u00a0nejd\u016fle\u017eit\u011bj\u0161\u00edch krit\u00e9ri\u00ed p\u0159i po\u0159izov\u00e1n\u00ed kola pro d\u00edt\u011b. P\u0159\u00edli\u0161 t\u011b\u017ek\u00e9 kolo d\u00edt\u011b jednodu\u0161e neut\u00e1hne, nezvedne ze zem\u011b a nav\u00edc se mu bude \u0161patn\u011b \u0161lapat i po rovin\u011b. Na takov\u00e9m kole nebude cht\u00edt p\u0159\u00ed\u0161t\u011b d\u00edt\u011b jezdit. A to p\u0159ece nechcete? Nen\u00ed proto vhodn\u00e9 volit ten nejlevn\u011bj\u0161\u00ed model z\u00a0ocelov\u00e9 konstrukce.\u00a0 Hmotnostn\u011b vyhovuj\u00edc\u00ed je nap\u0159\u00edklad silni\u010dn\u00ed typ kola. Je ur\u010deno v\u00fdhradn\u011b na j\u00edzdu po silnic\u00edch a jin\u00fdch zpevn\u011bn\u00fdch ter\u00e9nech.\t\tDopl\u0148ky kolaJ\u00edzdn\u00ed kolo pro d\u00edt\u011b mus\u00ed m\u00edt ur\u010dit\u00e9 dopl\u0148ky, kter\u00e9 jsou \u00fa\u010delov\u00e9, ale pln\u00ed i funkci barevn\u00e9 dekorace. P\u0159edn\u011b zm\u00edn\u00edme blatn\u00edky. V\u00a0tomto p\u0159\u00edpad\u011b asi nep\u016fjde a\u017e tak o design, jako sp\u00ed\u0161e o funk\u010dnost. Nechcete, aby se va\u0161e d\u00edt\u011b vracelo z\u00a0proj\u00ed\u017e\u010fky pravideln\u011b cel\u00e9 zabl\u00e1cen\u00e9? D\u016fle\u017eit\u00fdm dopl\u0148kem jsou tak\u00e9 sv\u011btla a odrazky, kter\u00e9 mus\u00ed b\u00fdt na ka\u017ed\u00e9m kole. Dal\u0161\u00edmi dopl\u0148ky jsou nap\u0159\u00edklad barevn\u00fd zvonek, kvalitn\u00ed cyklistick\u00e1 helma a p\u0159\u00edpadn\u011b i chr\u00e1ni\u010de lokt\u016f a kolen.                                                                                                                                                                                                                                                                                                                                                                                        4.5\/5 - (17 votes)        "},{"@context":"https:\/\/schema.org\/","@type":"BreadcrumbList","itemListElement":[{"@type":"ListItem","position":1,"name":"Kr\u00e1sn\u00fd d\u00e1rek k narozenin\u00e1m","item":"https:\/\/www.bittova.cz\/krasny-darek-k-narozeninam\/#breadcrumbitem"}]}]