[{"@context":"https:\/\/schema.org\/","@type":"Article","@id":"https:\/\/www.bittova.cz\/krasu-zeny-prozradi-jeji-duse\/#Article","mainEntityOfPage":"https:\/\/www.bittova.cz\/krasu-zeny-prozradi-jeji-duse\/","headline":"Kr\u00e1su \u017eeny prozrad\u00ed jej\u00ed du\u0161e","name":"Kr\u00e1su \u017eeny prozrad\u00ed jej\u00ed du\u0161e","description":"Ka\u017ed\u00fd den r\u00e1no se probouz\u00edm s\u00a0radost\u00ed a vd\u011bkem, \u017ee jsem cel\u00e1, \u017e\u00e1dn\u00fd \u00fad mi nechyb\u00ed ba ani nep\u0159eb\u00fdv\u00e1 a jsem relativn\u011b zdrav\u00e1. Jak jde \u010das, &hellip; <span class=\"read-more-link\"><a class=\"read-more\" href=\"https:\/\/www.bittova.cz\/krasu-zeny-prozradi-jeji-duse\/\">\u010c\u00edst d\u00e1le &rsaquo;<\/a><\/span>","datePublished":"2018-03-08","dateModified":"2023-04-29","author":{"@type":"Person","@id":"https:\/\/www.bittova.cz\/author\/#Person","name":"bittova.cz\n","url":"https:\/\/www.bittova.cz\/author\/","identifier":1,"image":{"@type":"ImageObject","@id":"https:\/\/secure.gravatar.com\/avatar\/df9d3e7f7fe4622e291ec02ac46f5f76755ddc91019a65e783baee3892394402?s=96&d=mm&r=g","url":"https:\/\/secure.gravatar.com\/avatar\/df9d3e7f7fe4622e291ec02ac46f5f76755ddc91019a65e783baee3892394402?s=96&d=mm&r=g","height":96,"width":96}},"publisher":{"@type":"Organization","name":"bittova.cz","logo":{"@type":"ImageObject","@id":"\/logo.png","url":"\/logo.png","width":600,"height":60}},"image":{"@type":"ImageObject","@id":"https:\/\/www.bittova.cz\/wp-content\/uploads\/img_a314721_w2520_t1525767585.jpg","url":"https:\/\/www.bittova.cz\/wp-content\/uploads\/img_a314721_w2520_t1525767585.jpg","height":0,"width":0},"url":"https:\/\/www.bittova.cz\/krasu-zeny-prozradi-jeji-duse\/","wordCount":526,"articleBody":"Ka\u017ed\u00fd den r\u00e1no se probouz\u00edm s\u00a0radost\u00ed a vd\u011bkem, \u017ee jsem cel\u00e1, \u017e\u00e1dn\u00fd \u00fad mi nechyb\u00ed ba ani nep\u0159eb\u00fdv\u00e1 a jsem relativn\u011b zdrav\u00e1. Jak jde \u010das, p\u0159ib\u00fdvaj\u00ed l\u00e9ta i vr\u00e1sky. M\u00e1m r\u00e1da sv\u00e9 vr\u00e1sky, proto\u017ee jsou od sm\u00edchu, r\u00e1da se sm\u011bji, nejsem \u017e\u00e1dn\u00fd \u0161karohl\u00edd a sm\u011bj\u00edc\u00ed se vr\u00e1sky vystavuji na odiv. Nevad\u00ed mi, jsem spokojen\u00e1 tak n\u011bjak \u201euvnit\u0159\u201c.Kr\u00e1sa se snoub\u00ed s\u00a0ml\u00e1d\u00edm, k\u00a0ml\u00e1d\u00ed prost\u011b pat\u0159\u00ed. Ale kr\u00e1sa du\u0161e, ta p\u0159ich\u00e1z\u00edv\u00e1 s\u00a0v\u011bkem a i kdy\u017e nejsme pr\u00e1v\u011b nyn\u00ed v\u00a0pohod\u011b a m\u00e1me pocit, \u017ee bychom z\u00a0p\u0159edm\u011btu \u201eKr\u00e1sa\u201c ve \u0161kole zrovna dnes obdr\u017eeli nedostate\u010dnou, nen\u00ed tomu tak. Kr\u00e1su du\u0161e v\u00e1m nikdo nem\u016f\u017ee vz\u00edt. Proto si ji ope\u010dov\u00e1vejte, a kdy\u017e si nebudete jist\u00e9, pod\u00edvejte se \u201edovnit\u0159\u201c, do sv\u00e9ho t\u011bla. Najd\u011bte sv\u00e9 kr\u00e1sn\u00e9 J\u00c1, usm\u011bjte se\u00a0 a pochovejte si ho. Bude v\u00e1m l\u00e9pe a op\u011bt za\u010dnete z\u00e1\u0159it \u2026, proto\u017ee v\u00edte, \u017ee na \u017eivot nejste sama, va\u0161e j\u00e1 je v\u017edy s\u00a0v\u00e1mi a po ruce. Zat\u0159pyt\u00ed se kdykoliv si na n\u011b vzpomenete.Sv\u00e9 J\u00c1 si m\u016f\u017eete p\u0159edstavit, jak jen chcete. Jako mal\u00e9 rozpustil\u00e9 d\u00edt\u011b, rozevl\u00e1tou d\u00edv\u010dinu tan\u010d\u00edc\u00ed po rozkvetl\u00e9 louce, jako zralou \u017eenu, ale i jako unavenou sta\u0159enku.Na\u0161e pocity se odv\u00edjej\u00ed od toho, jak se zrovna c\u00edt\u00edme, a na\u0161e druh\u00e9 J\u00c1 na\u0161e pocity kop\u00edruje.Pokud si n\u011bkdy nejste jista sama sebou, zastavte se, zklidn\u011bte se a zahle\u010fte se do sebe.Najd\u011bte sv\u00e9ho pomocn\u00ed\u010dka a pod\u00edvejte se, jak se mu da\u0159\u00ed. Pokud uvid\u00edte rozpustil\u00e9 d\u00edt\u011b, gratuluji v\u00e1m, u\u017e\u00edv\u00e1te si \u017eivota a starosti v\u00e1s pro dne\u0161n\u00ed den m\u00edjej\u00ed. Ale pokud spat\u0159\u00edte unavenou sed\u00edc\u00ed sta\u0159enku, d\u011bje se n\u011bco, co si \u017e\u00e1d\u00e1 va\u0161\u00ed pozornosti. Pot\u0159ebujete sv\u00e9 t\u011blo op\u011bt nab\u00edt. \u00a0Ka\u017ed\u00fd to m\u00e1me jinak \u2013 n\u011bkdo pot\u0159ebuje v\u00edce odpo\u010d\u00edvat, jin\u00e9ho nab\u00edj\u00ed setk\u00e1n\u00ed s\u00a0p\u0159\u00e1teli, ale skute\u010dn\u00fdmi p\u0159\u00e1teli. Nenechte se obalamutit a nevyhled\u00e1vejte setk\u00e1n\u00ed jen proto, abyste n\u011bkomu vyhov\u011bli. Vy samy si napl\u00e1nujte sch\u016fzku s\u00a0t\u011bmi, kter\u00e9 m\u00e1te r\u00e1dy, kte\u0159\u00ed v\u00e1s dok\u00e1\u017eou pochopit a vyslechnout. Sd\u011blen\u00e1 starost, polovi\u010dn\u00ed starost.Pokud v\u00edd\u00e1te ve va\u0161\u00ed du\u0161i sta\u0159enku ka\u017ed\u00fd den, patrn\u011b v\u00e1s tr\u00e1p\u00ed z\u00e1va\u017en\u00fd probl\u00e9m nebo pot\u0159ebujete prov\u00e9st radik\u00e1ln\u00ed zm\u011bnu v\u00a0zam\u011bstn\u00e1n\u00ed, \u010di se odhodl\u00e1v\u00e1te k z\u00e1va\u017en\u00e9mu kroku ve sv\u00e9m osobn\u00edm \u017eivot\u011b.P\u0159em\u00fd\u0161lejte, co m\u016f\u017eete ud\u011blat pro prom\u011bnu sta\u0159enky op\u011bt v\u00a0rozpustil\u00e9 d\u00edt\u011b anebo p\u0159inejmen\u0161\u00edm ve zralou kr\u00e1sou du\u0161e obda\u0159enou \u017eenu.                                                                                                                                                                                                                                                                                                                                                                                        4.5\/5 - (6 votes)        "},{"@context":"https:\/\/schema.org\/","@type":"BreadcrumbList","itemListElement":[{"@type":"ListItem","position":1,"name":"Kr\u00e1su \u017eeny prozrad\u00ed jej\u00ed du\u0161e","item":"https:\/\/www.bittova.cz\/krasu-zeny-prozradi-jeji-duse\/#breadcrumbitem"}]}]