[{"@context":"https:\/\/schema.org\/","@type":"Article","@id":"https:\/\/www.bittova.cz\/myslete-na-vse-a-mejte-podepsane-prohlaseni-o-dani\/#Article","mainEntityOfPage":"https:\/\/www.bittova.cz\/myslete-na-vse-a-mejte-podepsane-prohlaseni-o-dani\/","headline":"Myslete na v\u0161e a m\u011bjte podepsan\u00e9 Prohl\u00e1\u0161en\u00ed o dani","name":"Myslete na v\u0161e a m\u011bjte podepsan\u00e9 Prohl\u00e1\u0161en\u00ed o dani","description":"Podepisovali jste si v\u00a0pr\u00e1ci tzv. r\u016f\u017eov\u00e9 prohl\u00e1\u0161en\u00ed? \u017de ne? A netu\u0161\u00edte, jak v\u016fbec vypad\u00e1? Mrkn\u011bte se na internet, vytiskn\u011bte si ho a \u0159ekn\u011bte zam\u011bstnavateli, \u017ee &hellip; <span class=\"read-more-link\"><a class=\"read-more\" href=\"https:\/\/www.bittova.cz\/myslete-na-vse-a-mejte-podepsane-prohlaseni-o-dani\/\">\u010c\u00edst d\u00e1le &rsaquo;<\/a><\/span>","datePublished":"2025-03-03","dateModified":"2023-04-29","author":{"@type":"Person","@id":"https:\/\/www.bittova.cz\/author\/#Person","name":"bittova.cz\n","url":"https:\/\/www.bittova.cz\/author\/","identifier":1,"image":{"@type":"ImageObject","@id":"https:\/\/secure.gravatar.com\/avatar\/df9d3e7f7fe4622e291ec02ac46f5f76755ddc91019a65e783baee3892394402?s=96&d=mm&r=g","url":"https:\/\/secure.gravatar.com\/avatar\/df9d3e7f7fe4622e291ec02ac46f5f76755ddc91019a65e783baee3892394402?s=96&d=mm&r=g","height":96,"width":96}},"publisher":{"@type":"Organization","name":"bittova.cz","logo":{"@type":"ImageObject","@id":"\/logo.png","url":"\/logo.png","width":600,"height":60}},"image":{"@type":"ImageObject","@id":"https:\/\/www.bittova.cz\/wp-content\/uploads\/img_a297358_w2017_t1507829133.jpg","url":"https:\/\/www.bittova.cz\/wp-content\/uploads\/img_a297358_w2017_t1507829133.jpg","height":0,"width":0},"url":"https:\/\/www.bittova.cz\/myslete-na-vse-a-mejte-podepsane-prohlaseni-o-dani\/","about":["Finance"],"wordCount":409,"articleBody":"Podepisovali jste si v\u00a0pr\u00e1ci tzv. r\u016f\u017eov\u00e9 prohl\u00e1\u0161en\u00ed? \u017de ne? A netu\u0161\u00edte, jak v\u016fbec vypad\u00e1? Mrkn\u011bte se na internet, vytiskn\u011bte si ho a \u0159ekn\u011bte zam\u011bstnavateli, \u017ee m\u00e1te z\u00e1jem tuto slevu na dani uplat\u0148ovat. Zam\u011bstnanci mohou tuto z\u00e1kladn\u00ed slevu vyu\u017e\u00edt ka\u017ed\u00fd m\u011bs\u00edc ve v\u00fd\u0161i 2070 K\u010d (24\u00a0840 K\u010d za 12 m\u011bs\u00edc\u016f).\tNa co v\u0161echno mohu uplatnit slevu na dani?Bu\u010fte obez\u0159etn\u00ed, pokud kombinujete v\u00edce prac\u00ed najednou, toto r\u016f\u017eov\u00e9 prohl\u00e1\u0161en\u00ed sm\u00ed b\u00fdt podeps\u00e1no pouze u jednoho zam\u011bstnavatele. U dal\u0161\u00edch pak slevu pob\u00edrat nem\u016f\u017eete. B\u011bhem roku pak zam\u011bstnanci odv\u00e1d\u00ed ze mzdy z\u00e1lohu na da\u0148 z\u00a0p\u0159\u00edjm\u016f fyzick\u00fdch osob. Da\u0148ov\u00e9 p\u0159izn\u00e1n\u00ed si m\u016f\u017eete podat sami \u010di tak u\u010din\u00edte u sv\u00e9ho zam\u011bstnavatele. D\u011bje se tomu tak jednou za rok. Uplatnit slevu na dani m\u016f\u017eete za poplatn\u00edka, man\u017eelku, \u010di d\u011bti. Pokud by se v\u00e1m stalo, \u017ee m\u00e1te jedno st\u00e1l\u00e9 zam\u011bstn\u00e1n\u00ed a nem\u00e1te toto prohl\u00e1\u0161en\u00ed podepsan\u00e9, v\u0161e se d\u00e1 dohnat p\u0159i ro\u010dn\u00edm z\u00fa\u010dtov\u00e1n\u00ed.\t\u010casto b\u00fdvaj\u00ed zmatkyKolem dan\u00ed a pracovn\u00edho pr\u00e1va b\u00fdvaj\u00ed \u010dasto zmatky. Zam\u011bstnanci netu\u0161\u00ed, co si mohou a nemohou dovolit nebo nev\u011bd\u00ed, \u017ee n\u011bco jako r\u016f\u017eov\u00e9 prohl\u00e1\u0161en\u00ed v\u016fbec existuje. S\u00a0t\u00edmto probl\u00e9mem se sp\u00ed\u0161e setk\u00e1vaj\u00ed lid\u00e9 s\u00a0ni\u017e\u0161\u00edm dovr\u0161en\u00fdm vzd\u011bl\u00e1n\u00edm. Nem\u00e1me t\u00edm na mysli, \u017ee by lid\u00e9 m\u00e9n\u011b u\u010den\u00ed nech\u00e1pali takov\u00e9to v\u011bci. N\u00fdbr\u017e pot\u00ed\u017e tkv\u00ed ve v\u00fduce na dan\u00fdch \u0161kol\u00e1ch. Ekonomick\u00e9 \u0161koly tento profil v\u00fduky nab\u00eddnou a studenta tak na\u0165uknou. Informace hod\u00edc\u00ed se pro budouc\u00ed profesi m\u016f\u017ee student vyu\u017e\u00edt i pro sebe. Bohu\u017eel se na u\u010dili\u0161t\u00edch \u010di z\u00e1kladn\u00edch \u0161kol\u00e1ch o takov\u00fdchto t\u00e9matech a mo\u017enostech nehovo\u0159\u00ed.Uv\u011bdomili jste si, jak jsou dan\u011b zmate\u010dn\u00e9 a slo\u017eit\u00e9? Pokud jste si uv\u011bdomili, jak dlouho da\u0148 neuplat\u0148ujete za sv\u00e9 ratolesti, pov\u011bzte jim, a\u0165 v\u00e1m donesou ze \u0161koly potvrzen\u00ed o studiu. Potvrzen\u00ed o studiu je nezbytn\u00fdm dokladem pro dolo\u017een\u00ed va\u0161ich d\u011bt\u00ed, \u017ee pokra\u010duj\u00ed ve sv\u00e9m studiu.                                                                                                                                                                                                                                                                                                                                                                                        4.7\/5 - (3 votes)        "},{"@context":"https:\/\/schema.org\/","@type":"BreadcrumbList","itemListElement":[{"@type":"ListItem","position":1,"name":"Myslete na v\u0161e a m\u011bjte podepsan\u00e9 Prohl\u00e1\u0161en\u00ed o dani","item":"https:\/\/www.bittova.cz\/myslete-na-vse-a-mejte-podepsane-prohlaseni-o-dani\/#breadcrumbitem"}]}]