[{"@context":"https:\/\/schema.org\/","@type":"Article","@id":"https:\/\/www.bittova.cz\/oslava-jak-ma-byt\/#Article","mainEntityOfPage":"https:\/\/www.bittova.cz\/oslava-jak-ma-byt\/","headline":"Oslava, jak m\u00e1 b\u00fdt!","name":"Oslava, jak m\u00e1 b\u00fdt!","description":"P\u0159edch\u00e1z\u00ed jim dlouh\u00e1 doba t\u011b\u0161en\u00ed, vym\u00fd\u0161len\u00ed, co by m\u011blo b\u00fdt t\u00edm velk\u00fdm d\u00e1rkem, jak\u00fd bude dort, p\u0159em\u00fd\u0161len\u00ed, koho z kamar\u00e1d\u016f pozvat. D\u011btsk\u00e1 oslavanarozenin je velkou &hellip; <span class=\"read-more-link\"><a class=\"read-more\" href=\"https:\/\/www.bittova.cz\/oslava-jak-ma-byt\/\">\u010c\u00edst d\u00e1le &rsaquo;<\/a><\/span>","datePublished":"2024-10-28","dateModified":"2024-10-28","author":{"@type":"Person","@id":"https:\/\/www.bittova.cz\/author\/#Person","name":"bittova.cz\n","url":"https:\/\/www.bittova.cz\/author\/","identifier":1,"image":{"@type":"ImageObject","@id":"https:\/\/secure.gravatar.com\/avatar\/df9d3e7f7fe4622e291ec02ac46f5f76755ddc91019a65e783baee3892394402?s=96&d=mm&r=g","url":"https:\/\/secure.gravatar.com\/avatar\/df9d3e7f7fe4622e291ec02ac46f5f76755ddc91019a65e783baee3892394402?s=96&d=mm&r=g","height":96,"width":96}},"publisher":{"@type":"Organization","name":"bittova.cz","logo":{"@type":"ImageObject","@id":"\/logo.png","url":"\/logo.png","width":600,"height":60}},"url":"https:\/\/www.bittova.cz\/oslava-jak-ma-byt\/","wordCount":245,"articleBody":"P\u0159edch\u00e1z\u00ed jim dlouh\u00e1 doba t\u011b\u0161en\u00ed, vym\u00fd\u0161len\u00ed, co by m\u011blo b\u00fdt t\u00edm velk\u00fdm d\u00e1rkem, jak\u00fd bude dort, p\u0159em\u00fd\u0161len\u00ed, koho z kamar\u00e1d\u016f pozvat. D\u011btsk\u00e1 oslavanarozenin je velkou nejen rodinnou ud\u00e1lost\u00ed, kter\u00e1 b\u00fdv\u00e1 pln\u00e1 vesel\u00ed, k\u0159iku a chaosu. V\u0161ichni si cht\u011bj\u00ed po\u0159\u00e1dn\u011b u\u017e\u00edt, namlsat se dortu, vyb\u011bhat se a vy\u0159\u00e1dit. Tedy p\u0159edev\u0161\u00edm mal\u00ed, velc\u00ed by naopak k tomu dortu ocenili dobrou k\u00e1vu a chvilku klidu. A o tu se V\u00e1m m\u016f\u017ee postarat profesion\u00e1ln\u00ed vystoupen\u00ed kouzeln\u00edka, kter\u00e9 v\u0161em doslova vezme dech.Pro v\u0161echny v\u011bkov\u00e9 kategorieNemus\u00edte se ob\u00e1vat, \u017ee Va\u0161e ratolest a jeho kamar\u00e1di jsou na podobnou z\u00e1bavu je\u0161t\u011b p\u0159\u00edli\u0161 mal\u00ed a neposedn\u00ed. Cel\u00fd program se co do d\u00e9lky trv\u00e1n\u00ed i obsahu v\u017edy p\u0159izp\u016fsobuje Va\u0161im po\u017eadavk\u016fm a samoz\u0159ejm\u011b v\u011bkov\u00e9mu slo\u017een\u00ed obecenstva. Mal\u00ed i velc\u00ed se mohou st\u00e1t asistenty kouzeln\u00edka a pod\u00edlet se svou pomoc\u00ed i n\u00e1pady. Voln\u011b v\u011bt\u0161inou navazuje modelov\u00e1n\u00ed zv\u00ed\u0159\u00e1tek z barevn\u00fdch dlouh\u00fdch bal\u00f3nk\u016f. A aby se mohly d\u011bti po n\u00e1vratu dom\u016f p\u0159edv\u00e9st sv\u00fdm dal\u0161\u00edm kamar\u00e1d\u016fm, ve \u0161kole kouzel se mohou od kouzeln\u00edka ledas\u010demu p\u0159ekvapiv\u00e9mu a okouzluj\u00edc\u00edmu p\u0159iu\u010dit!                                                                                                                                                                                                                                                                                                                                                                                        4.4\/5 - (8 votes)        "},{"@context":"https:\/\/schema.org\/","@type":"BreadcrumbList","itemListElement":[{"@type":"ListItem","position":1,"name":"Oslava, jak m\u00e1 b\u00fdt!","item":"https:\/\/www.bittova.cz\/oslava-jak-ma-byt\/#breadcrumbitem"}]}]