[{"@context":"https:\/\/schema.org\/","@type":"Blog","@id":"https:\/\/www.bittova.cz#Blog","headline":"Bittov\u00e1","description":"\nNa \u010dten\u00ed se v\u017edy najde \u010das a\u0165 u\u017e doma, v pr\u00e1ci, na cest\u00e1ch \u010di n\u011bkde v kav\u00e1rn\u011b nebo na lavi\u010dce v parku. Probl\u00e9m v\u0161ak nast\u00e1v\u00e1, kdy\u017e n\u011bjak\u00fd zdroj \u010dten\u00ed chyb\u00ed. A pr\u00e1v\u011b to dok\u00e1\u017ee vy\u0159e\u0161it n\u00e1\u0161 online magaz\u00edn, kter\u00fd je s v\u00e1mi v\u0161ude.","url":"https:\/\/www.bittova.cz","hasPart":[{"@type":"Article","@id":"https:\/\/www.bittova.cz\/darek-pro-kazdou-situaci\/","headline":"D\u00e1rek pro ka\u017edou situaci","url":"https:\/\/www.bittova.cz\/darek-pro-kazdou-situaci\/","datePublished":"2025-02-26","dateModified":"2023-04-29","mainEntityOfPage":"https:\/\/www.bittova.cz\/darek-pro-kazdou-situaci\/","author":{"@type":"Person","@id":"https:\/\/www.bittova.cz\/author\/#Person","name":"bittova.cz\n","url":"https:\/\/www.bittova.cz\/author\/","identifier":1,"image":{"@type":"ImageObject","@id":"https:\/\/secure.gravatar.com\/avatar\/df9d3e7f7fe4622e291ec02ac46f5f76755ddc91019a65e783baee3892394402?s=96&d=mm&r=g","url":"https:\/\/secure.gravatar.com\/avatar\/df9d3e7f7fe4622e291ec02ac46f5f76755ddc91019a65e783baee3892394402?s=96&d=mm&r=g","height":96,"width":96}},"publisher":{"@type":"Organization","name":"bittova.cz","logo":{"@type":"ImageObject","@id":"\/logo.png","url":"\/logo.png","width":600,"height":60}},"image":{"@type":"ImageObject","@id":"https:\/\/www.bittova.cz\/wp-content\/uploads\/img_a299577_w2017_t1509478413.jpg","url":"https:\/\/www.bittova.cz\/wp-content\/uploads\/img_a299577_w2017_t1509478413.jpg","height":0,"width":0},"wordCount":493,"keywords":null},{"@type":"Article","@id":"https:\/\/www.bittova.cz\/blizi-se-soumrak-notebooku-a-stolnich-pocitacu\/","headline":"Bl\u00ed\u017e\u00ed se soumrak notebook\u016f a stoln\u00edch po\u010d\u00edta\u010d\u016f?","url":"https:\/\/www.bittova.cz\/blizi-se-soumrak-notebooku-a-stolnich-pocitacu\/","datePublished":"2025-02-26","dateModified":"2023-04-29","mainEntityOfPage":"https:\/\/www.bittova.cz\/blizi-se-soumrak-notebooku-a-stolnich-pocitacu\/","author":{"@type":"Person","@id":"https:\/\/www.bittova.cz\/author\/#Person","name":"bittova.cz\n","url":"https:\/\/www.bittova.cz\/author\/","identifier":1,"image":{"@type":"ImageObject","@id":"https:\/\/secure.gravatar.com\/avatar\/df9d3e7f7fe4622e291ec02ac46f5f76755ddc91019a65e783baee3892394402?s=96&d=mm&r=g","url":"https:\/\/secure.gravatar.com\/avatar\/df9d3e7f7fe4622e291ec02ac46f5f76755ddc91019a65e783baee3892394402?s=96&d=mm&r=g","height":96,"width":96}},"publisher":{"@type":"Organization","name":"bittova.cz","logo":{"@type":"ImageObject","@id":"\/logo.png","url":"\/logo.png","width":600,"height":60}},"image":{"@type":"ImageObject","@id":"https:\/\/www.bittova.cz\/wp-content\/uploads\/img_a309775_w2017_t1520801488.png","url":"https:\/\/www.bittova.cz\/wp-content\/uploads\/img_a309775_w2017_t1520801488.png","height":0,"width":0},"wordCount":467,"keywords":null},{"@type":"Article","@id":"https:\/\/www.bittova.cz\/i-v-noci-se-to-da\/","headline":"I v noci se to d\u00e1","url":"https:\/\/www.bittova.cz\/i-v-noci-se-to-da\/","datePublished":"2025-02-23","dateModified":"2025-02-23","mainEntityOfPage":"https:\/\/www.bittova.cz\/i-v-noci-se-to-da\/","author":{"@type":"Person","@id":"https:\/\/www.bittova.cz\/author\/#Person","name":"bittova.cz\n","url":"https:\/\/www.bittova.cz\/author\/","identifier":1,"image":{"@type":"ImageObject","@id":"https:\/\/secure.gravatar.com\/avatar\/df9d3e7f7fe4622e291ec02ac46f5f76755ddc91019a65e783baee3892394402?s=96&d=mm&r=g","url":"https:\/\/secure.gravatar.com\/avatar\/df9d3e7f7fe4622e291ec02ac46f5f76755ddc91019a65e783baee3892394402?s=96&d=mm&r=g","height":96,"width":96}},"publisher":{"@type":"Organization","name":"bittova.cz","logo":{"@type":"ImageObject","@id":"\/logo.png","url":"\/logo.png","width":600,"height":60}},"image":null,"wordCount":224,"keywords":null},{"@type":"Article","@id":"https:\/\/www.bittova.cz\/hrajte-s-radiem-impuls-o-ceny\/","headline":"Hrajte s r\u00e1diem Impuls o ceny","url":"https:\/\/www.bittova.cz\/hrajte-s-radiem-impuls-o-ceny\/","datePublished":"2025-02-16","dateModified":"2025-02-16","mainEntityOfPage":"https:\/\/www.bittova.cz\/hrajte-s-radiem-impuls-o-ceny\/","author":{"@type":"Person","@id":"https:\/\/www.bittova.cz\/author\/#Person","name":"bittova.cz\n","url":"https:\/\/www.bittova.cz\/author\/","identifier":1,"image":{"@type":"ImageObject","@id":"https:\/\/secure.gravatar.com\/avatar\/df9d3e7f7fe4622e291ec02ac46f5f76755ddc91019a65e783baee3892394402?s=96&d=mm&r=g","url":"https:\/\/secure.gravatar.com\/avatar\/df9d3e7f7fe4622e291ec02ac46f5f76755ddc91019a65e783baee3892394402?s=96&d=mm&r=g","height":96,"width":96}},"publisher":{"@type":"Organization","name":"bittova.cz","logo":{"@type":"ImageObject","@id":"\/logo.png","url":"\/logo.png","width":600,"height":60}},"image":null,"wordCount":221,"keywords":null},{"@type":"Article","@id":"https:\/\/www.bittova.cz\/energeticka-uspora-pro-vasi-domacnost\/","headline":"Energetick\u00e1 \u00faspora pro va\u0161i dom\u00e1cnost","url":"https:\/\/www.bittova.cz\/energeticka-uspora-pro-vasi-domacnost\/","datePublished":"2025-02-10","dateModified":"2025-02-10","mainEntityOfPage":"https:\/\/www.bittova.cz\/energeticka-uspora-pro-vasi-domacnost\/","author":{"@type":"Person","@id":"https:\/\/www.bittova.cz\/author\/#Person","name":"bittova.cz\n","url":"https:\/\/www.bittova.cz\/author\/","identifier":1,"image":{"@type":"ImageObject","@id":"https:\/\/secure.gravatar.com\/avatar\/df9d3e7f7fe4622e291ec02ac46f5f76755ddc91019a65e783baee3892394402?s=96&d=mm&r=g","url":"https:\/\/secure.gravatar.com\/avatar\/df9d3e7f7fe4622e291ec02ac46f5f76755ddc91019a65e783baee3892394402?s=96&d=mm&r=g","height":96,"width":96}},"publisher":{"@type":"Organization","name":"bittova.cz","logo":{"@type":"ImageObject","@id":"\/logo.png","url":"\/logo.png","width":600,"height":60}},"image":null,"wordCount":226,"keywords":null},{"@type":"Article","@id":"https:\/\/www.bittova.cz\/panska-tricka\/","headline":"P\u00e1nsk\u00e1 tri\u010dka","url":"https:\/\/www.bittova.cz\/panska-tricka\/","datePublished":"2025-02-06","dateModified":"2025-02-06","mainEntityOfPage":"https:\/\/www.bittova.cz\/panska-tricka\/","author":{"@type":"Person","@id":"https:\/\/www.bittova.cz\/author\/#Person","name":"bittova.cz\n","url":"https:\/\/www.bittova.cz\/author\/","identifier":1,"image":{"@type":"ImageObject","@id":"https:\/\/secure.gravatar.com\/avatar\/df9d3e7f7fe4622e291ec02ac46f5f76755ddc91019a65e783baee3892394402?s=96&d=mm&r=g","url":"https:\/\/secure.gravatar.com\/avatar\/df9d3e7f7fe4622e291ec02ac46f5f76755ddc91019a65e783baee3892394402?s=96&d=mm&r=g","height":96,"width":96}},"publisher":{"@type":"Organization","name":"bittova.cz","logo":{"@type":"ImageObject","@id":"\/logo.png","url":"\/logo.png","width":600,"height":60}},"image":null,"wordCount":222,"keywords":null},{"@type":"Article","@id":"https:\/\/www.bittova.cz\/netradicni-zavesy\/","headline":"Netradi\u010dn\u00ed z\u00e1v\u011bsy","url":"https:\/\/www.bittova.cz\/netradicni-zavesy\/","datePublished":"2025-01-29","dateModified":"2025-01-29","mainEntityOfPage":"https:\/\/www.bittova.cz\/netradicni-zavesy\/","author":{"@type":"Person","@id":"https:\/\/www.bittova.cz\/author\/#Person","name":"bittova.cz\n","url":"https:\/\/www.bittova.cz\/author\/","identifier":1,"image":{"@type":"ImageObject","@id":"https:\/\/secure.gravatar.com\/avatar\/df9d3e7f7fe4622e291ec02ac46f5f76755ddc91019a65e783baee3892394402?s=96&d=mm&r=g","url":"https:\/\/secure.gravatar.com\/avatar\/df9d3e7f7fe4622e291ec02ac46f5f76755ddc91019a65e783baee3892394402?s=96&d=mm&r=g","height":96,"width":96}},"publisher":{"@type":"Organization","name":"bittova.cz","logo":{"@type":"ImageObject","@id":"\/logo.png","url":"\/logo.png","width":600,"height":60}},"image":null,"wordCount":240,"keywords":null},{"@type":"Article","@id":"https:\/\/www.bittova.cz\/kdy-fotit-newborn-nezalezi-na-veku-ale-na-pohode\/","headline":"Kdy fotit newborn? Nez\u00e1le\u017e\u00ed na v\u011bku, ale na pohod\u011b","url":"https:\/\/www.bittova.cz\/kdy-fotit-newborn-nezalezi-na-veku-ale-na-pohode\/","datePublished":"2025-01-24","dateModified":"2025-01-24","mainEntityOfPage":"https:\/\/www.bittova.cz\/kdy-fotit-newborn-nezalezi-na-veku-ale-na-pohode\/","author":{"@type":"Person","@id":"https:\/\/www.bittova.cz\/author\/#Person","name":"bittova.cz\n","url":"https:\/\/www.bittova.cz\/author\/","identifier":1,"image":{"@type":"ImageObject","@id":"https:\/\/secure.gravatar.com\/avatar\/df9d3e7f7fe4622e291ec02ac46f5f76755ddc91019a65e783baee3892394402?s=96&d=mm&r=g","url":"https:\/\/secure.gravatar.com\/avatar\/df9d3e7f7fe4622e291ec02ac46f5f76755ddc91019a65e783baee3892394402?s=96&d=mm&r=g","height":96,"width":96}},"publisher":{"@type":"Organization","name":"bittova.cz","logo":{"@type":"ImageObject","@id":"\/logo.png","url":"\/logo.png","width":600,"height":60}},"image":{"@type":"ImageObject","@id":"https:\/\/www.bittova.cz\/wp-content\/uploads\/foceni_newborn_(2)_M6RcBq.jpg","url":"https:\/\/www.bittova.cz\/wp-content\/uploads\/foceni_newborn_(2)_M6RcBq.jpg","height":0,"width":0},"wordCount":944,"keywords":null},{"@type":"Article","@id":"https:\/\/www.bittova.cz\/sportovni-obleceni\/","headline":"Sportovn\u00ed oble\u010den\u00ed","url":"https:\/\/www.bittova.cz\/sportovni-obleceni\/","datePublished":"2025-01-23","dateModified":"2025-01-23","mainEntityOfPage":"https:\/\/www.bittova.cz\/sportovni-obleceni\/","author":{"@type":"Person","@id":"https:\/\/www.bittova.cz\/author\/#Person","name":"bittova.cz\n","url":"https:\/\/www.bittova.cz\/author\/","identifier":1,"image":{"@type":"ImageObject","@id":"https:\/\/secure.gravatar.com\/avatar\/df9d3e7f7fe4622e291ec02ac46f5f76755ddc91019a65e783baee3892394402?s=96&d=mm&r=g","url":"https:\/\/secure.gravatar.com\/avatar\/df9d3e7f7fe4622e291ec02ac46f5f76755ddc91019a65e783baee3892394402?s=96&d=mm&r=g","height":96,"width":96}},"publisher":{"@type":"Organization","name":"bittova.cz","logo":{"@type":"ImageObject","@id":"\/logo.png","url":"\/logo.png","width":600,"height":60}},"image":null,"wordCount":237,"keywords":null},{"@type":"Article","@id":"https:\/\/www.bittova.cz\/inzerce-snadno-a-rychle\/","headline":"Inzerce snadno a rychle","url":"https:\/\/www.bittova.cz\/inzerce-snadno-a-rychle\/","datePublished":"2025-01-17","dateModified":"2025-01-17","mainEntityOfPage":"https:\/\/www.bittova.cz\/inzerce-snadno-a-rychle\/","author":{"@type":"Person","@id":"https:\/\/www.bittova.cz\/author\/#Person","name":"bittova.cz\n","url":"https:\/\/www.bittova.cz\/author\/","identifier":1,"image":{"@type":"ImageObject","@id":"https:\/\/secure.gravatar.com\/avatar\/df9d3e7f7fe4622e291ec02ac46f5f76755ddc91019a65e783baee3892394402?s=96&d=mm&r=g","url":"https:\/\/secure.gravatar.com\/avatar\/df9d3e7f7fe4622e291ec02ac46f5f76755ddc91019a65e783baee3892394402?s=96&d=mm&r=g","height":96,"width":96}},"publisher":{"@type":"Organization","name":"bittova.cz","logo":{"@type":"ImageObject","@id":"\/logo.png","url":"\/logo.png","width":600,"height":60}},"image":null,"wordCount":238,"keywords":null}]},{"@context":"https:\/\/schema.org","@type":"WebSite","@id":"https:\/\/www.bittova.cz\/#website","name":"Bittov\u00e1","url":"https:\/\/www.bittova.cz","potentialAction":{"@type":"SearchAction","target":"https:\/\/www.bittova.cz\/?s={search_term_string}","query-input":"required name=search_term_string"}}]