[{"@context":"https:\/\/schema.org\/","@type":"Article","@id":"https:\/\/www.bittova.cz\/schody-jsou-dulezitou-soucasti\/#Article","mainEntityOfPage":"https:\/\/www.bittova.cz\/schody-jsou-dulezitou-soucasti\/","headline":"Schody jsou d\u016fle\u017eitou sou\u010d\u00e1st\u00ed","name":"Schody jsou d\u016fle\u017eitou sou\u010d\u00e1st\u00ed","description":"Pokud budeme stav\u011bt patrov\u00fd domek, tak se bez schodi\u0161t\u011b neobejdeme. A v podstat\u011b tomu nebude ani jinak, kdy\u017e budeme m\u00edt cht\u00edt n\u011bjakou p\u016fdi\u010dku, kter\u00e1 nebude &hellip; <span class=\"read-more-link\"><a class=\"read-more\" href=\"https:\/\/www.bittova.cz\/schody-jsou-dulezitou-soucasti\/\">\u010c\u00edst d\u00e1le &rsaquo;<\/a><\/span>","datePublished":"2019-02-01","dateModified":"2023-04-29","author":{"@type":"Person","@id":"https:\/\/www.bittova.cz\/author\/#Person","name":"bittova.cz\n","url":"https:\/\/www.bittova.cz\/author\/","identifier":1,"image":{"@type":"ImageObject","@id":"https:\/\/secure.gravatar.com\/avatar\/df9d3e7f7fe4622e291ec02ac46f5f76755ddc91019a65e783baee3892394402?s=96&d=mm&r=g","url":"https:\/\/secure.gravatar.com\/avatar\/df9d3e7f7fe4622e291ec02ac46f5f76755ddc91019a65e783baee3892394402?s=96&d=mm&r=g","height":96,"width":96}},"publisher":{"@type":"Organization","name":"bittova.cz","logo":{"@type":"ImageObject","@id":"\/logo.png","url":"\/logo.png","width":600,"height":60}},"image":{"@type":"ImageObject","@id":"https:\/\/www.bittova.cz\/wp-content\/uploads\/img_a339331_w3185_t1552557786.jpg","url":"https:\/\/www.bittova.cz\/wp-content\/uploads\/img_a339331_w3185_t1552557786.jpg","height":0,"width":0},"url":"https:\/\/www.bittova.cz\/schody-jsou-dulezitou-soucasti\/","about":["V\u00fdrobky"],"wordCount":439,"articleBody":"     Pokud budeme stav\u011bt patrov\u00fd domek, tak se bez schodi\u0161t\u011b neobejdeme. A v podstat\u011b tomu nebude ani jinak, kdy\u017e budeme m\u00edt cht\u00edt n\u011bjakou p\u016fdi\u010dku, kter\u00e1 nebude jinak, ne\u017e nad obytn\u00fdm prostorem. Je pravdou, \u017ee se posledn\u00ed dobou upou\u0161t\u00ed od v\u011bt\u0161\u00edch staveb do patra. Lid\u00e9 sp\u00ed\u0161e up\u0159ednost\u0148uj\u00ed n\u00edzkopodla\u017en\u00ed domky nebo mobilheimy, ve kter\u00fdch se d\u00e1 tak\u00e9 velmi dob\u0159e celoro\u010dn\u011b bydlet. Pokud jsme se p\u0159ece jenom rozhodli pro patrovou stavbu, rozhodn\u011b neunikneme tomu, jak\u00e9 zvol\u00edme schodi\u0161t\u011b. To bude pat\u0159it bez v\u011bt\u0161\u00edch diskuz\u00ed do nejviditeln\u011bj\u0161\u00ed \u010d\u00e1sti objektu. Je dobr\u00e9 si uv\u011bdomit, \u017ee bude vystaveno z\u00e1rove\u0148 velk\u00e9 z\u00e1t\u011b\u017ei a tud\u00ed\u017e snadn\u00e9 cest\u011b k opot\u0159ebovanosti. Rozhoduj\u00edc\u00ed bude materi\u00e1l Na prvn\u00edm m\u00edst\u011b asi bude st\u00e1le je\u0161t\u011b st\u00e1t schodi\u0161t\u011b z masivu. Nen\u00ed divu, jedn\u00e1 se o p\u0159\u00edrodn\u00edm materi\u00e1l a k takov\u00fdm prvk\u016fm m\u00e1me st\u00e1le slabost. Je pravdou, \u017ee d\u0159evo ud\u00e1v\u00e1 t\u00f3n a p\u0159\u00edjemn\u00fd design, ale na druhou stranu je t\u0159eba mu v\u011bnovat p\u00e9\u010di a udr\u017eovat ho pod kontrolou opravn\u00fdmi n\u00e1t\u011bry. Oproti tomu technick\u00fd k\u00e1men je \u00fapln\u011b jin\u00e1 poh\u00e1dka. Vypad\u00e1 tak\u00e9 velmi p\u0159irozen\u011b a elegantn\u011b. Nav\u00edc kamenn\u00e9 schody vydr\u017e\u00ed daleko v\u011bt\u0161\u00ed z\u00e1t\u011b\u017e a jsou prakticky bez\u00fadr\u017ebov\u00fdm materi\u00e1lem. Je tvo\u0159en\u00fd kvalitn\u00edmi p\u0159\u00edrodn\u00edmi surovinami. Pokud vezmeme v \u00favahu k\u0159emen, tak ten se lisuje do podoby, kterou ji\u017e vid\u00edme p\u0159ed sebou, s prysky\u0159ic\u00ed a dal\u0161\u00edmi materi\u00e1ly. Stranou nez\u016fst\u00e1v\u00e1 ani barevn\u00e9 proveden\u00ed, co\u017e n\u00e1m skute\u010dn\u011b usnad\u0148uje volbu v\u00fdb\u011bru ohledn\u011b barvy. Hezk\u00e9 neznamen\u00e1 praktick\u00e9 Schodi\u0161t\u011b je nejen vizitkou interi\u00e9ru, ale i venkovn\u00edch prostor\u016f. Vyr\u00e1b\u011bno je nejen z r\u016fzn\u00fdch materi\u00e1l\u016f, ale tak\u00e9 proveden\u00edch. Je pravdou, \u017ee to\u010dit\u00e9 schody jsou velmi hezk\u00e9, ale je t\u0159eba uva\u017eovat, zdali budou i praktick\u00e9. Pokud budeme po nich st\u011bhovat n\u00e1bytek, tak to si sp\u00ed\u0161 zad\u011bl\u00e1v\u00e1me na porouchan\u00e9 nervy, jak se v \u00fazk\u00e9m prostoru vyto\u010d\u00edme. Asi bude nejlep\u0161\u00ed se obr\u00e1tit na bytov\u00e9ho architekta, jak by vid\u011bl on nejlep\u0161\u00ed um\u00edst\u011bn\u00ed a p\u0159edev\u0161\u00edm i praktick\u00e9 pou\u017eit\u00ed. Nicm\u00e9n\u011b s technick\u00fdm kamenem si ostudu neud\u011bl\u00e1me ani u venkovn\u00edho \u0159e\u0161en\u00ed, nato\u017e vnit\u0159n\u00edho. Naopak n\u00e1m budou tyto schody slou\u017eit p\u011bknou \u0159\u00e1dku let.                                                                                                                                                                                                                                                                                                                                                                                          4.8\/5 - (11 votes)        "},{"@context":"https:\/\/schema.org\/","@type":"BreadcrumbList","itemListElement":[{"@type":"ListItem","position":1,"name":"Schody jsou d\u016fle\u017eitou sou\u010d\u00e1st\u00ed","item":"https:\/\/www.bittova.cz\/schody-jsou-dulezitou-soucasti\/#breadcrumbitem"}]}]