[{"@context":"https:\/\/schema.org\/","@type":"Article","@id":"https:\/\/www.bittova.cz\/usvit-stredoveku\/#Article","mainEntityOfPage":"https:\/\/www.bittova.cz\/usvit-stredoveku\/","headline":"\u00dasvit st\u0159edov\u011bku","name":"\u00dasvit st\u0159edov\u011bku","description":"Rann\u00fd st\u0159edov\u011bk.Obdob\u00ed, kter\u00e9 m\u016f\u017ee fascinovat nebo, kter\u00e9 m\u016f\u017ee tak\u00e9 vyvol\u00e1vat p\u0159edstavu velk\u00e9 temnoty. Jak se vyv\u00edjela st\u0159edov\u011bk\u00e1 civilizace? Rann\u00fd st\u0159edov\u011bk je opravdu obdob\u00edm velmi temn\u00fdm. &hellip; <span class=\"read-more-link\"><a class=\"read-more\" href=\"https:\/\/www.bittova.cz\/usvit-stredoveku\/\">\u010c\u00edst d\u00e1le &rsaquo;<\/a><\/span>","datePublished":"2025-03-02","dateModified":"2023-04-29","author":{"@type":"Person","@id":"https:\/\/www.bittova.cz\/author\/#Person","name":"bittova.cz\n","url":"https:\/\/www.bittova.cz\/author\/","identifier":1,"image":{"@type":"ImageObject","@id":"https:\/\/secure.gravatar.com\/avatar\/df9d3e7f7fe4622e291ec02ac46f5f76755ddc91019a65e783baee3892394402?s=96&d=mm&r=g","url":"https:\/\/secure.gravatar.com\/avatar\/df9d3e7f7fe4622e291ec02ac46f5f76755ddc91019a65e783baee3892394402?s=96&d=mm&r=g","height":96,"width":96}},"publisher":{"@type":"Organization","name":"bittova.cz","logo":{"@type":"ImageObject","@id":"\/logo.png","url":"\/logo.png","width":600,"height":60}},"image":{"@type":"ImageObject","@id":"https:\/\/www.bittova.cz\/wp-content\/uploads\/img_a303701_w2017_t1514360066.jpg","url":"https:\/\/www.bittova.cz\/wp-content\/uploads\/img_a303701_w2017_t1514360066.jpg","height":0,"width":0},"url":"https:\/\/www.bittova.cz\/usvit-stredoveku\/","about":["Vzd\u011bl\u00e1n\u00ed"],"wordCount":414,"articleBody":"Rann\u00fd st\u0159edov\u011bk.Obdob\u00ed, kter\u00e9 m\u016f\u017ee fascinovat nebo, kter\u00e9 m\u016f\u017ee tak\u00e9 vyvol\u00e1vat p\u0159edstavu velk\u00e9 temnoty. Jak se vyv\u00edjela st\u0159edov\u011bk\u00e1 civilizace?Rann\u00fd st\u0159edov\u011bk je opravdu obdob\u00edm velmi temn\u00fdm. Po\u010d\u00e1tek st\u0159edov\u011bku si spojujeme s jednou v\u00fdznamnou ud\u00e1lost\u00ed, kterou byl rozpad \u0159\u00ed\u0161e \u0159\u00edmsk\u00e9. \u0158\u00edmsk\u00e1 \u0159\u00ed\u0161e byla nejmocn\u011bj\u0161\u00ed \u0159\u00ed\u0161\u00ed v d\u011bjin\u00e1ch lidstva. Pro pochopen\u00ed ran\u00e9ho st\u0159edov\u011bku je t\u0159eba pochopit p\u0159\u00ed\u010diny p\u00e1du \u0158\u00edmsk\u00e9 \u0159\u00ed\u0161e, kter\u00e1 byla v podstat\u011b p\u00e1dem ve\u0161ker\u00e9 tehdej\u0161\u00ed civilizace. Jak\u00e9 byly p\u0159\u00ed\u010diny p\u00e1du? Byly to p\u0159edev\u0161\u00edm dva z\u00e1sadn\u00ed d\u016fvody. Prvn\u00ed byla naprost\u00e1 stagnace jak\u00fdchkoli mor\u00e1ln\u00edch hodnot. Dalo by se \u0159\u00edci, \u017ee tehdej\u0161\u00edm lidem nebylo t\u00e9m\u011b\u0159 nic svat\u00e9. Tato kulturn\u011b-mor\u00e1ln\u011b-duchovn\u00ed krize trvala ji\u017e velmi dlouho a byla ot\u00e1zkou \u010dasu, kdy se stane p\u0159\u00ed\u010dinou p\u00e1du \u0159\u00ed\u0161e i civilizace. Druh\u00fdm d\u016fvodem pak bylo st\u011bhov\u00e1n\u00ed n\u00e1rod\u016f. Do Evropy migrovalo zna\u010dn\u00e9 mno\u017estv\u00ed barbarsk\u00fdch n\u00e1rod\u016f, na kter\u00e9 zh\u00fd\u010dkan\u00e1 civilizace nebyla p\u0159ipravena. Nutno \u0159\u00edci, \u017ee ka\u017ed\u00e1 v\u011bt\u0161inou b\u00fdvaj\u00ed p\u00e1dy civilizac\u00ed spojen\u00e9 se st\u011bhov\u00e1n\u00edm n\u00e1rod\u016f.\u00a0\tDo\u010dasn\u00e9 v\u00edt\u011bzstv\u00ed barbarstv\u00edPo p\u00e1du \u0159\u00edmsk\u00e9 \u0159\u00ed\u0161ezv\u00edt\u011bzilo barbarstv\u00ed. Centr\u00e1ln\u00ed moc \u0158\u00edma pad\u00e1 a sv\u011btsk\u00e1 moc je rozt\u0159\u00ed\u0161t\u011bna mezi drobn\u00e1 kn\u00ed\u017eectv\u00ed rozpt\u00fdlen\u00e1 po cel\u00e9 Evrop\u011b. Je to doba, kter\u00e1 je zahalena ot\u00e1zkami a kter\u00e1 fascinuje sv\u00fdmi m\u00fdty. Tak jako m\u00e1me my neuv\u011b\u0159iteln\u00e9mno\u017estv\u00ed n\u00e1rodn\u00edch pov\u011bst\u00ed, m\u00e1 to tak ka\u017ed\u00fd n\u00e1rod v Evrop\u011b. Vzpome\u0148me si t\u0159eba na Kr\u00e1le Artu\u0161e nebo state\u010dn\u00e9ho Cida.Jedin\u00fdm sjednocuj\u00edc\u00edm prvkem v t\u00e9 dob\u011bse st\u00e1v\u00e1 k\u0159es\u0165anstv\u00ed a pape\u017e je de factem vl\u00e1dcem tehdej\u0161\u00ed Evropy. Kn\u00ed\u017eectv\u00ed a drobn\u00e1 kr\u00e1lovstv\u00ed, kter\u00e1 v\u010das poznala, \u017ee k\u0159es\u0165anstv\u00ed je cesta ke stabilizovan\u00e9 politice, byla podstatn\u011b \u00fasp\u011b\u0161n\u011bj\u0161\u00ed ne\u017e ta, kter\u00e1 se dr\u017eela sv\u00fdch pohansk\u00fdch kult\u016f. K\u0159es\u0165anstv\u00ed se v t\u00e9 dob\u011b prosazovalo opravdu krvav\u011b, ale paradoxn\u011b se st\u00e1valo z\u00e1rove\u0148 nositelem mor\u00e1ln\u00edch hodnot. Nap\u0159\u00edklad d\u0159\u00edve bylo b\u011b\u017en\u00e9, kdy\u017e zem\u0159el vladyka, \u017ee spolu s n\u00edm musela zem\u0159\u00edt tak\u00e9 jeho \u017eena. Tento barbarsk\u00fd zvyk byl d\u00edky k\u0159es\u0165anstv\u00ed vym\u00fdcen\u00fd.                                                                                                                                                                                                                                                                                                                                                                                        4.5\/5 - (14 votes)        "},{"@context":"https:\/\/schema.org\/","@type":"BreadcrumbList","itemListElement":[{"@type":"ListItem","position":1,"name":"\u00dasvit st\u0159edov\u011bku","item":"https:\/\/www.bittova.cz\/usvit-stredoveku\/#breadcrumbitem"}]}]