[{"@context":"https:\/\/schema.org\/","@type":"Article","@id":"https:\/\/www.bittova.cz\/velky-muz-komensky\/#Article","mainEntityOfPage":"https:\/\/www.bittova.cz\/velky-muz-komensky\/","headline":"Velk\u00fd mu\u017e Komensk\u00fd","name":"Velk\u00fd mu\u017e Komensk\u00fd","description":"D\u011bkujme Komensk\u00e9mu D\u011bkujme pedagog\u016fm, kte\u0159\u00ed maj\u00ed i p\u0159es jejich nevhodn\u00e9 spole\u010densk\u00e9 postaven\u00ed st\u00e1le vzty\u010denou hlavu a neboj\u00ed se tohoto n\u00e1ro\u010dn\u00e9ho povol\u00e1n\u00ed. Ji\u017e d\u00e1vno polo\u017eil Jan &hellip; <span class=\"read-more-link\"><a class=\"read-more\" href=\"https:\/\/www.bittova.cz\/velky-muz-komensky\/\">\u010c\u00edst d\u00e1le &rsaquo;<\/a><\/span>","datePublished":"2025-03-01","dateModified":"2023-04-29","author":{"@type":"Person","@id":"https:\/\/www.bittova.cz\/author\/#Person","name":"bittova.cz\n","url":"https:\/\/www.bittova.cz\/author\/","identifier":1,"image":{"@type":"ImageObject","@id":"https:\/\/secure.gravatar.com\/avatar\/df9d3e7f7fe4622e291ec02ac46f5f76755ddc91019a65e783baee3892394402?s=96&d=mm&r=g","url":"https:\/\/secure.gravatar.com\/avatar\/df9d3e7f7fe4622e291ec02ac46f5f76755ddc91019a65e783baee3892394402?s=96&d=mm&r=g","height":96,"width":96}},"publisher":{"@type":"Organization","name":"bittova.cz","logo":{"@type":"ImageObject","@id":"\/logo.png","url":"\/logo.png","width":600,"height":60}},"image":{"@type":"ImageObject","@id":"https:\/\/www.bittova.cz\/wp-content\/uploads\/img_a308034_w2017_t1519165030.jpg","url":"https:\/\/www.bittova.cz\/wp-content\/uploads\/img_a308034_w2017_t1519165030.jpg","height":0,"width":0},"url":"https:\/\/www.bittova.cz\/velky-muz-komensky\/","about":["Mu\u017ei"],"wordCount":459,"articleBody":"D\u011bkujme Komensk\u00e9mu\t\tD\u011bkujme pedagog\u016fm, kte\u0159\u00ed maj\u00ed i p\u0159es jejich nevhodn\u00e9 spole\u010densk\u00e9 postaven\u00ed st\u00e1le vzty\u010denou hlavu a neboj\u00ed se tohoto n\u00e1ro\u010dn\u00e9ho povol\u00e1n\u00ed.\t\tJi\u017e d\u00e1vno polo\u017eil Jan Amos my\u0161lenku, \u017ee v\u00fdchova pom\u00e1h\u00e1 jedinci k\u00a0rozv\u00edjen\u00ed lidstv\u00ed. Iluze ka\u017ed\u00e9ho u\u010ditele je dr\u017eet se v\u00a0jeho \u0161l\u00e9p\u011bj\u00edch, polo\u017eit \u017e\u00e1k\u016fm z\u00e1kladn\u00ed poznatky z\u00a0oblasti trivia i v\u011bd.\t\tTak jako si kladl Komensk\u00fd neust\u00e1le my\u0161lenku, k\u00a0\u010demu je vzd\u011bl\u00e1n\u00ed dobr\u00e9, tak by si um\u011bl i u\u010ditel um\u011bt odpov\u011bd\u011bt a m\u00edt st\u00e1le na v\u011bdom\u00ed, \u017ee dobr\u00fdm \u010dlov\u011bkem se \u010dlov\u011bk nerod\u00ed, ale st\u00e1v\u00e1 se jim.\u00a0\t\tVelmi l\u00edbiv\u00e9 je pojet\u00ed \u0161koly pancofick\u00e9, kdy je nejd\u0159\u00edve zprost\u0159edkov\u00e1no v\u011bd\u011bn\u00ed, pot\u00e9 se procvi\u010duje z\u00edskan\u00e9 v\u011bd\u011bn\u00ed a nakonec se relaxac\u00ed jednostrannost vyva\u017euje.Tak vlastn\u011b dodnes funguje \u0161kolstv\u00ed\t\tAv\u0161ak je \u010d\u00edm d\u00e1l m\u00e9n\u011b \u010dasu na onu relaxaci a\u0165 je ve form\u011b pasivn\u00ed \u010di aktivn\u00ed. Je m\u00e1lo \u010dasu na hru, dramatizaci, zp\u011bv, cvi\u010den\u00ed a na obveselen\u00ed mysli.\t\t\u010cas je ne\u00faprosn\u00fd. Dobr\u00fd pedagog m\u00e1 v\u0161ak mnoho aktivit, kter\u00e9 \u017e\u00e1ky zaktivizuj\u00ed.\u00a0 R\u00e1d by nacvi\u010dil sc\u00e9nky, divadlo, teoretick\u00e9 znalosti upevnil na exkurz\u00edch, v\u00fdletech, pozn\u00e1v\u00e1n\u00edm, na experimentech apod. Av\u0161ak pro nedostatek \u010dasu \u010di jin\u00fdch okolnost\u00ed to nen\u00ed mo\u017en\u00e9.Vzd\u011bl\u00e1n\u00edm to nekon\u010d\u00ed\t\tKomensk\u00fd tak\u00e9 tvrd\u00ed, \u017ee by se m\u011bl \u010dlov\u011bk vzd\u011bl\u00e1vat a\u017e do smrti. A z\u00a0ka\u017ed\u00e9ho \u017eivotn\u00edho pozn\u00e1n\u00ed si odn\u00e9st kus vzd\u011bl\u00e1n\u00ed.\t\tNejen \u0161kola \u010dlov\u011bka vzd\u011bl\u00e1v\u00e1. N\u011bkte\u0159\u00ed pedagogov\u00e9 vch\u00e1z\u00ed na p\u016fdu \u0161koly s\u00a0iluz\u00ed, \u017ee vysoko\u0161kolsk\u00fdm titulem v\u0161e kon\u010d\u00ed. Naopak. Bohu\u017eel finan\u010dn\u00ed situace bez finan\u010dn\u00edho r\u016fstu horko t\u011b\u017eko motivuje u\u010ditele k\u00a0dal\u0161\u00edm dopl\u0148kov\u00fdm kurz\u016fm. A pokud nen\u00ed velk\u00fd idealista \u010di nen\u00ed tla\u010den veden\u00edm \u0161koly, pak se ho dal\u0161\u00ed vzd\u011bl\u00e1v\u00e1n\u00ed pedagogick\u00fdch pracovn\u00edk\u016f \u010dasto net\u00fdk\u00e1.\t\tAle u\u010ditel mus\u00ed st\u00e1le reagovat na aktu\u00e1ln\u00ed d\u011bn\u00ed ve t\u0159\u00edd\u011b, na spole\u010densk\u00e9 akce, n\u00e1lady i zdravotn\u00ed stav student\u016f, proto je vhodn\u00e9 m\u00edt v\u00a0z\u00e1sob\u011b mnoho v\u011bdomost\u00ed z\u00a0oblasti zdravov\u011bdy, sociologie, psychologie, nov\u00fdch metod apod.\t\tToto v\u0161e Komensk\u00fd um\u011bl a popsal ve sv\u00fdch spisech, kter\u00e9 jsou aktu\u00e1ln\u00ed dnes.Pokud chce b\u00fdt pedagog vynikaj\u00edc\u00edm u\u010ditelem i \u010dlov\u011bkem, pak by se m\u011bl dr\u017eet Komensk\u00e9ho pojet\u00ed.                                                                                                                                                                                                                                                                                                                                                                                        3.5\/5 - (6 votes)        "},{"@context":"https:\/\/schema.org\/","@type":"BreadcrumbList","itemListElement":[{"@type":"ListItem","position":1,"name":"Velk\u00fd mu\u017e Komensk\u00fd","item":"https:\/\/www.bittova.cz\/velky-muz-komensky\/#breadcrumbitem"}]}]